{"id":2885,"date":"2026-03-30T11:30:00","date_gmt":"2026-03-30T09:30:00","guid":{"rendered":"https:\/\/code78.de\/blog\/?p=2885"},"modified":"2026-04-06T12:16:51","modified_gmt":"2026-04-06T10:16:51","slug":"dialekte-auf-social-media","status":"publish","type":"post","link":"https:\/\/code78.de\/blog\/dialekte-auf-social-media\/","title":{"rendered":"Dialekte auf Social Media: Komma bei und guck, wat dat bringt"},"content":{"rendered":"\n<p>Kennt ihr das? Ihr scrollt durch den Feed und stolpert pl\u00f6tzlich \u00fcber einen Spruch, der klingt, als k\u00e4me er direkt aus dem Kiosk an der Ecke. \u201eEy\u202fKumpel, g\u00f6nn dir dat Daddeln!\u201c \u2013 oder so \u00e4hnlich. Dieser kleine, regionstypische Spruch setzt mehr als nur ein Auge auf: Er erzeugt Emotion, Identifikation, Heimatgef\u00fchl \u2013 wenn er richtig eingesetzt wird.<\/p>\n\n\n\n<p>Ich komme ja selbst aus dem tiefsten Ruhrgebiet \u2013 da, wo \u201eGelsenkirchener Barock\u201c quasi nicht nur ein Klischee, sondern Alltag ist. Und genau deshalb finde ich es verdammt spannend zu untersuchen: Bringt es was, wenn wir Dialekte in unseren Social-Media-Anzeig\u00aden verwenden? Oder ziehen wir uns damit nur die falschen Klicks oder gar Spott an Land? In diesem Blogartikel lege ich meine Gedanken dar, was die Chancen sind, wo die Risiken lauern und wann ihr lieber bei Hochdeutsch bleiben solltet.<\/p>\n\n\n\n<nav>\n<h2>Inhaltsverzeichnis<\/h2>\n<ul>\n<li><a href=\"#warum-dialekte\">Warum \u00fcberhaupt Dialekte auf Social Media einsetzen?<\/a><\/li>\n<li><a href=\"#sinn-unsinn\">Dialekte auf Social Media verwenden \u2013 \u00fcber den Sinn (und den Unsinn)<\/a><\/li>\n<li><a href=\"#risiken-nebenwirkungen\">Risiken und Nebenwirkungen: Die Kehrseite der Medaille<\/a><\/li>\n<li><a href=\"#chancen\">Chancen, die ihr mit Dialekten auf Social Media ergreifen k\u00f6nnt<\/a><\/li>\n<li><a href=\"#praktische-tipps\">Praktische Tipps: So setzt ihr Dialekt auf Social Media clever ein<\/a><\/li>\n<li><a href=\"#fazit\">Fazit<\/a><\/li>\n<\/ul>\n<\/nav>\n\n\n\n<h2 class=\"wp-block-heading\" id=\"warum-dialekte\">Warum \u00fcberhaupt Dialekte auf Social Media einsetzen?<\/h2>\n\n\n\n<p><strong>In kurz: Heimatgef\u00fchl + Authentizit\u00e4t = Reichweite.<\/strong><\/p>\n\n\n\n<p>Dialekte sind starke Identit\u00e4tsmarker. Wenn ich in einer Anzeige pl\u00f6tzlich mit \u201eMaloch\u201c statt \u201eArbeit\u201c oder \u201ePott\u201c statt \u201eRegion\u201c auftauche, spreche ich genau die Menschen an, die das verstehen \u2013 und die sich dadurch verbunden f\u00fchlen. <\/p>\n\n\n\n<p>Regionales spricht nicht nur den Verstand an, sondern das Herz <em>und manchmal die Kehle, zumindest, wenns um die Currywurst geht<\/em>.<\/p>\n\n\n\n<p>Aus der Forschung wissen wir: regionale Sprachen in der Werbung k\u00f6nnen die emotionale N\u00e4he erh\u00f6hen. Laut dem ARD-Forschungsdienst kann Dialekt vor allem dann <a href=\"https:\/\/www.media-perspektiven.de\/publikationsarchiv\/detailseite-2024\/werbung-und-sprache-einfluss-von-dialekten-und-akzenten-auf-die-werbewirkung\" target=\"_blank\" rel=\"noopener\">positiv wirken, wenn er einen Bezug zur beworbenen Region hat<\/a>.<br>Wenn das Produkt also einen starken Lokalbezug hat \u2013 sagen wir, ein Pils aus Bochum, ein Craft-Bier aus M\u00fcnchen oder ein Handwerksbetrieb aus dem Sauerland \u2013 dann ist Dialekt nicht nur nett, sondern strategisch clever.<\/p>\n\n\n\n<h3 class=\"wp-block-heading\">Differenzierung vom Wettbewerb<\/h3>\n\n\n\n<p>Wer mit Dialekt spricht, hebt sich ab. In einem Meer aus Hochdeutsch-Ads wirkt eine regionale Stimme wie ein bunter Fisch im Tr\u00fcben. <\/p>\n\n\n\n<p>In der Schweizer Studie \u201e\u00c4dverteising\u201c haben die Forschenden genau das beobachtet: <a href=\"https:\/\/www.econstor.eu\/bitstream\/10419\/301904\/1\/MRSG_2023_5_42-51.pdf\" target=\"_blank\" rel=\"noopener\">Marken, die in Dialekt kommunizieren, k\u00f6nnen sich nachhaltiger differenzieren<\/a>.<\/p>\n\n\n\n<h3 class=\"wp-block-heading\">Gemeinschafts- und Wir-Gef\u00fchl<\/h3>\n\n\n\n<p>Dialekte transportieren Zugeh\u00f6rigkeit. Gerade in sozialen Medien, die sehr auf Community-Building ausgelegt sind, funktioniert das hervorragend: Dialekt als \u201eWir\u2011Sprache\u201c erzeugt ein Wir-Gef\u00fchl. Wer Pott spricht, f\u00fchlt sich vermutlich direkt angesprochen, wenn du in deinem Post \u201eEy, hier tinkern mer wat f\u00fcr euch!\u201c raushaust. Das st\u00e4rkt Identifikation und Markenbindung.<\/p>\n\n\n\n<div class=\"wp-block-group has-global-padding is-layout-constrained wp-container-core-group-is-layout-336e3259 wp-block-group-is-layout-constrained\" style=\"border-width:1px;border-radius:15px;margin-top:2em;margin-bottom:2em;padding-top:0.5em;padding-right:1.5em;padding-bottom:1.5em;padding-left:1.5em;box-shadow:var(--wp--preset--shadow--natural)\">\n<h3 class=\"wp-block-heading\">Passend zum Thema<\/h3>\n\n\n\n<div class=\"wp-block-columns is-layout-flex wp-container-core-columns-is-layout-28f84493 wp-block-columns-is-layout-flex\">\n<div class=\"wp-block-column is-layout-flow wp-block-column-is-layout-flow\">\n<figure class=\"wp-block-image aligncenter size-large\"><a href=\"https:\/\/code78.de\/blog\/psychologie-social-proof\/\"><img decoding=\"async\" width=\"1024\" height=\"670\" src=\"https:\/\/code78.de\/blog\/wp-content\/uploads\/2025\/11\/Social-Proof-1024x670.jpg\" alt=\"Social Proof\" class=\"wp-image-2851\" srcset=\"https:\/\/code78.de\/blog\/wp-content\/uploads\/2025\/11\/Social-Proof-1024x670.jpg 1024w, https:\/\/code78.de\/blog\/wp-content\/uploads\/2025\/11\/Social-Proof-300x196.jpg 300w, https:\/\/code78.de\/blog\/wp-content\/uploads\/2025\/11\/Social-Proof-768x503.jpg 768w, https:\/\/code78.de\/blog\/wp-content\/uploads\/2025\/11\/Social-Proof.jpg 1100w\" sizes=\"(max-width: 1024px) 100vw, 1024px\" \/><\/a><\/figure>\n\n\n\n<p class=\"has-text-align-center\" style=\"margin-bottom:0.5em\"><a href=\"https:\/\/code78.de\/blog\/psychologie-social-proof\/\" class=\"ek-link\">Das Wir-Gef\u00fchl: Wissenschaftlich erkl\u00e4rt<\/a><\/p>\n<\/div>\n\n\n\n<div class=\"wp-block-column is-layout-flow wp-block-column-is-layout-flow\">\n<figure class=\"wp-block-image size-full\"><a href=\"https:\/\/code78.de\/blog\/anti-ai-raw-content\/\"><img decoding=\"async\" width=\"1100\" height=\"720\" src=\"https:\/\/code78.de\/blog\/wp-content\/uploads\/2026\/02\/Raw-Content.jpg\" alt=\"Raw Content: Weniger KI, mehr Mensch\" class=\"wp-image-11634\" srcset=\"https:\/\/code78.de\/blog\/wp-content\/uploads\/2026\/02\/Raw-Content.jpg 1100w, https:\/\/code78.de\/blog\/wp-content\/uploads\/2026\/02\/Raw-Content-300x196.jpg 300w, https:\/\/code78.de\/blog\/wp-content\/uploads\/2026\/02\/Raw-Content-1024x670.jpg 1024w, https:\/\/code78.de\/blog\/wp-content\/uploads\/2026\/02\/Raw-Content-768x503.jpg 768w\" sizes=\"(max-width: 1100px) 100vw, 1100px\" \/><\/a><\/figure>\n\n\n\n<p class=\"has-text-align-center\" style=\"margin-bottom:0.5em\"><a href=\"https:\/\/code78.de\/blog\/anti-ai-raw-content\/\" class=\"ek-link\">Mehr Authentizit\u00e4t im Marketing ist ein Gewinn!<\/a><\/p>\n<\/div>\n<\/div>\n<\/div>\n\n\n\n<h2 class=\"wp-block-heading\" id=\"sinn-unsinn\">Dialekte auf Social Media verwenden \u2013<br>\u00fcber den Sinn (und den Unsinn)<\/h2>\n\n\n\n<h3 class=\"wp-block-heading\">Sinnvoll: Bei lokalem oder regionalem Bezug<\/h3>\n\n\n\n<p>Wenn eure Marke oder euer Produkt deutlich mit einer Region verbunden ist, ist Dialekt besonders stark. Beispiel: Ein Brauhaus, ein Handwerksbetrieb, ein Restaurant oder ein Shop, der regional verankert ist, profitiert enorm von diesem sprachlichen Lokalkolorit.<\/p>\n\n\n\n<figure class=\"wp-block-image aligncenter\"><img decoding=\"async\" width=\"963\" height=\"630\" src=\"https:\/\/code78.de\/blog\/wp-content\/uploads\/2025\/11\/Dialekt-auf-Social-Media.jpg\" alt=\"Dialekt auf Social Media: Axt 2000 - im Ruhrgebiet\" class=\"wp-image-2889\" srcset=\"https:\/\/code78.de\/blog\/wp-content\/uploads\/2025\/11\/Dialekt-auf-Social-Media.jpg 963w, https:\/\/code78.de\/blog\/wp-content\/uploads\/2025\/11\/Dialekt-auf-Social-Media-300x196.jpg 300w, https:\/\/code78.de\/blog\/wp-content\/uploads\/2025\/11\/Dialekt-auf-Social-Media-768x502.jpg 768w, https:\/\/code78.de\/blog\/wp-content\/uploads\/2025\/11\/Dialekt-auf-Social-Media-720x471.jpg 720w\" sizes=\"(max-width: 963px) 100vw, 963px\" \/><\/figure>\n\n\n\n<h3 class=\"wp-block-heading\">Vorsichtig: Bei geschriebener Form<\/h3>\n\n\n\n<p>Gerade bei Social Media ist nicht alles gesprochen \u2013 viele Formate nutzen geschriebene Sprache (Captions, Bildtexte usw.). Und Dialekte schriftlich abzubilden, ist tricky: Es gibt keine festgelegte Rechtschreibung. In der <a href=\"file:\/\/\/Users\/heidi\/Downloads\/Pr%C3%A4sentation%20%C3%84dvertising%20%E2%80%93%20Geschriebener%20Dialekt%20in%20der%20Werbung.pdf\" target=\"_blank\" rel=\"noopener\">Schweizer \u201e\u00c4dverteising\u201c-Studie<\/a> wurde gezeigt, dass die Verschriftlichung von Dialekten eine Herausforderung darstellt.<br>Unterschiedliche Schriftformen zeigen, wie schwierig das sein kann. Wenn ihr also schriftlich dialektet, m\u00fcsst ihr sorgf\u00e4ltig arbeiten oder riskieren, dass eure Botschaft unklar oder peinlich wirkt.<\/p>\n\n\n\n<h3 class=\"wp-block-heading\">Nicht sinnvoll: Wenn Zielgruppe breit oder national ist<\/h3>\n\n\n\n<p>Habt ihr eine Zielgruppe, die \u00fcber die Region hinausgeht, kann Dialekt eher ein Hindernis sein. Nicht jede*r versteht jeden Regiolekt \u2013 zu starke Dialektf\u00fclle kann die Verst\u00e4ndlichkeit senken. <a href=\"https:\/\/www.media-perspektiven.de\/fileadmin\/user_upload\/media-perspektiven\/pdf\/2024\/MP_10_2024_ARD-Forschungsdienst_Werbung_und_Sprache.pdf\" target=\"_blank\" rel=\"noopener\">Tats\u00e4chlich zeigen Studien, dass die Vorteile von Dialekt in der Werbung vor allem dort auftreten, wo ein regionaler Zusammenhang besteht<\/a>; ohne diesen Zusammenhang sinkt der Nutzen.<\/p>\n\n\n\n<p>Wenn ihr also national oder international agiert, ist Hochdeutsch (oder gar Englisch) oft die sicherere Wahl.<\/p>\n\n\n\n<h3 class=\"wp-block-heading\">Vorsicht bei Jugendsprache statt Dialekt<\/h3>\n\n\n\n<p>Interessanterweise zeigt die ARD-Untersuchung auch: Jugendsprache kommt in Werbung nicht automatisch gut an. In ihren Studien war Hochdeutsch der Jugendsprache in Bezug auf Markenwahrnehmung, Glaubw\u00fcrdigkeit und Kaufabsicht \u00fcberlegen.<br>Wenn ihr also einfach mal locker \u201eAlter, checkt dat\u201c ins Ad reinpackt \u2013 k\u00f6nnten sich eure Kund*innen weniger ernst genommen f\u00fchlen als bei klarer, authentischer Dialekt-Ansprache.<\/p>\n\n\n\n<div class=\"wp-block-group has-global-padding is-layout-constrained wp-container-core-group-is-layout-336e3259 wp-block-group-is-layout-constrained\" style=\"border-width:1px;border-radius:15px;margin-top:2em;margin-bottom:2em;padding-top:0.5em;padding-right:1.5em;padding-bottom:1.5em;padding-left:1.5em;box-shadow:var(--wp--preset--shadow--natural)\">\n<h3 class=\"wp-block-heading\">Passend zum Thema<\/h3>\n\n\n\n<div class=\"wp-block-columns is-layout-flex wp-container-core-columns-is-layout-28f84493 wp-block-columns-is-layout-flex\">\n<div class=\"wp-block-column is-layout-flow wp-block-column-is-layout-flow\">\n<figure class=\"wp-block-image aligncenter size-large\"><a href=\"https:\/\/code78.de\/blog\/coined-terms\/\"><img decoding=\"async\" width=\"1024\" height=\"670\" src=\"https:\/\/code78.de\/blog\/wp-content\/uploads\/2026\/02\/Coined-Terms-1024x670.jpg\" alt=\"Coined Terms\" class=\"wp-image-10581\" srcset=\"https:\/\/code78.de\/blog\/wp-content\/uploads\/2026\/02\/Coined-Terms-1024x670.jpg 1024w, https:\/\/code78.de\/blog\/wp-content\/uploads\/2026\/02\/Coined-Terms-300x196.jpg 300w, https:\/\/code78.de\/blog\/wp-content\/uploads\/2026\/02\/Coined-Terms-768x503.jpg 768w, https:\/\/code78.de\/blog\/wp-content\/uploads\/2026\/02\/Coined-Terms.jpg 1100w\" sizes=\"(max-width: 1024px) 100vw, 1024px\" \/><\/a><\/figure>\n\n\n\n<p class=\"has-text-align-center\" style=\"margin-bottom:0.5em\"><a href=\"https:\/\/code78.de\/blog\/coined-terms\/\" class=\"ek-link\">Neologismen und Coined Terms: Wie neue W\u00f6rter viral gehen<\/a><\/p>\n<\/div>\n\n\n\n<div class=\"wp-block-column is-layout-flow wp-block-column-is-layout-flow\">\n<figure class=\"wp-block-image size-full\"><img decoding=\"async\" width=\"1081\" height=\"707\" src=\"https:\/\/code78.de\/blog\/wp-content\/uploads\/2025\/11\/Content-Marketing.jpg\" alt=\"Content Marketing\" class=\"wp-image-2605\" srcset=\"https:\/\/code78.de\/blog\/wp-content\/uploads\/2025\/11\/Content-Marketing.jpg 1081w, https:\/\/code78.de\/blog\/wp-content\/uploads\/2025\/11\/Content-Marketing-300x196.jpg 300w, https:\/\/code78.de\/blog\/wp-content\/uploads\/2025\/11\/Content-Marketing-1024x670.jpg 1024w, https:\/\/code78.de\/blog\/wp-content\/uploads\/2025\/11\/Content-Marketing-768x502.jpg 768w\" sizes=\"(max-width: 1081px) 100vw, 1081px\" \/><\/figure>\n\n\n\n<p class=\"has-text-align-center\" style=\"margin-bottom:0.5em\"><a href=\"https:\/\/code78.de\/blog\/content-marketing-werbung-in-gut\/\" class=\"ek-link\">Content, der begeistert und nicht nach Werbung stinkt<\/a><\/p>\n<\/div>\n<\/div>\n<\/div>\n\n\n\n<h2 class=\"wp-block-heading\" id=\"risiken-nebenwirkungen\">Risiken und Nebenwirkungen:<br>Die Kehrseite der Medaille<\/h2>\n\n\n\n<h3 class=\"wp-block-heading\">Missverst\u00e4ndnisse und Stereotype<\/h3>\n\n\n\n<p>Nicht jeder Dialekt ist neutral besetzt. Manche Regiolekte bringen bestimmte Vorurteile mit sich, die je nach Zielgruppe ganz unterschiedliche Assoziationen wecken k\u00f6nnen. In der Schweiz-Studie zeigten sich z.\u202fB., dass Dialekte unterschiedlich bewertet werden: W\u00e4hrend B\u00e4rnd\u00fctsch oft positiv wahrgenommen wird, war Z\u00fcrid\u00fctsch in einigen Regionen weniger beliebt.<\/p>\n\n\n\n<p>Wenn ihr also euren Dialekt falsch einsch\u00e4tzt, riskiert ihr, dass die Botschaft nicht \u00fcberall so gut ankommt, wie ihr denkt.<\/p>\n\n\n\n<h3 class=\"wp-block-heading\">Authentizit\u00e4ts-Falle und \u201eAnbiederung\u201c<\/h3>\n\n\n\n<p>Dialekt in Ads kann auch schnell als aufgesetzt wahrgenommen werden. Wenn eine Marke, die \u00fcberhaupt keinen echten Bezug zur Region hat, pl\u00f6tzlich \u201eRuhrpott-Style\u201c copy-pastet, wirkt das oft eher albern oder gar anbiedernd.<\/p>\n\n\n\n<h3 class=\"wp-block-heading\">Unklare Schreibweise und Lesbarkeit<\/h3>\n\n\n\n<p>Wie schon angesprochen: Dialekt hat keine verbindliche Rechtschreibung. Das kann nicht nur die Lesbarkeit erschweren, sondern auch die Wiedererkennung beeintr\u00e4chtigen. Wenn man \u201edat\u201c, \u201edatt\u201c, \u201edatt\u201c oder \u201edatt\u201c schreibt \u2013 wer soll da durchblicken? Falsch getippte Dialektw\u00f6rter k\u00f6nnen eure Message entwerten oder einfach nur verwirren.<\/p>\n\n\n\n<h3 class=\"wp-block-heading\">Risiko der Exklusion<\/h3>\n\n\n\n<p>Dialekt kann nicht nur verbinden, sondern auch ausschlie\u00dfen. Wenn eure Botschaft nur in einem sehr spezifischen Regiolekt verfasst ist, f\u00fchlen sich andere Menschen vielleicht nicht angesprochen.<\/p>\n\n\n\n<h2 class=\"wp-block-heading\" id=\"chancen\">Chancen, die ihr mit Dialekten auf Social Media ergreifen k\u00f6nnt<\/h2>\n\n\n\n<h3 class=\"wp-block-heading\">Emotionale Markenbindung<\/h3>\n\n\n\n<p>Dialekt erzeugt Pers\u00f6nlichkeit, und Pers\u00f6nlichkeit schafft Bindung. Wenn ihr durch eure Wortwahl zeigt: \u201eWir sind wie du, wir sind hier von hier\u201c, dann baut ihr mehr auf als Aufmerksamkeit \u2013 ihr baut Vertrauen. Social Media lebt von Geschichten, von N\u00e4he, von Wiedererkennung: Dialekt ist hier ein Turbo.<\/p>\n\n\n\n<h3 class=\"wp-block-heading\">Viraler Effekt und Meme-Potenzial<\/h3>\n\n\n\n<p>Dialekt-Ads haben das Potenzial, viral zu gehen. Warum? Weil sie auffallen, weil sie polarisieren und weil Menschen sich gern damit identifizieren oder sie weiterverbreiten (\u201eBoah, der Spruch ist so Pott!\u201c). Au\u00dferdem eignen sich Dialektspr\u00fcche hervorragend als Meme oder Sticker, die eure Community lieben wird.<\/p>\n\n\n\n<h3 class=\"wp-block-heading\">Lokale Markenpositionierung<\/h3>\n\n\n\n<p>F\u00fcr Unternehmen, die lokal verwurzelt sind oder sich lokal neu positionieren wollen, ist Dialekt ein Geschenk: Er signalisiert Zugeh\u00f6rigkeit, Verbundenheit und Authentizit\u00e4t. Wenn ich als Pott-Marke in meinem Social Media mit Ruhrdeutsch werbe, sage ich gleichzeitig: \u201eIch bin ein Teil von euch.\u201c Das st\u00e4rkt die regionale Positionierung \u2013 insbesondere in einem durch Globalisierung immer homogeneren Markt.<\/p>\n\n\n\n<h3 class=\"wp-block-heading\">Differenzierung und Wiedererkennung<\/h3>\n\n\n\n<p>Dialekt ist eine starke Differenzierungsstrategie. Viele Marken nutzen Hochdeutsch, ein paar wagen Englisch oder Spanglish \u2013 aber Dialekt? Das machen nicht alle. Wenn ihr Dialekt klug einsetzt, werdet ihr nicht nur wahrgenommen, sondern bleibt im Ged\u00e4chtnis. Das ist Gold wert in der \u00fcberf\u00fcllten Welt von Social Media Ads.<\/p>\n\n\n\n<h2 class=\"wp-block-heading\" id=\"praktische-tipps\">Praktische Tipps: So setzt ihr Dialekte auf Social Media clever ein<\/h2>\n\n\n\n<ul class=\"wp-block-list\">\n<li><strong>Zielgruppe<\/strong>: Pr\u00fcft genau, ob eure Community den Dialekt versteht und sch\u00e4tzt. Region? Alter? Soziale Milieus?<\/li>\n\n\n\n<li><strong>Moderation<\/strong>: Verwendet Dialekt dort, wo er sinnvoll ist \u2013 nicht zwanghaft. Ein Mix kann Wunder wirken.<\/li>\n\n\n\n<li><strong>Testen, testen, testen<\/strong>: F\u00fchrt A\/B-Tests mit Dialekt- und Hochdeutsch-Versionen eurer Ads. So findet ihr heraus, was tats\u00e4chlich performt.<\/li>\n\n\n\n<li><strong>Authentisch bleiben<\/strong>: Wenn ihr Dialekt nutzt, dann so, wie er tats\u00e4chlich gesprochen wird. Nicht gepresst, nicht glattgeb\u00fcgelt.<\/li>\n\n\n\n<li><strong>Nicht \u00fcbertreiben<\/strong>: Ein kleiner Dialekt-Twist reicht oft. Wenn jede Zeile in Pott-Slang geschrieben ist, kann die Message schwerf\u00e4llig wirken.<\/li>\n\n\n\n<li><strong>Schriftform mit Bedacht<\/strong>: Wenn ihr dialektal schreibt, achtet auf Verst\u00e4ndlichkeit. W\u00e4hlt Schreibweisen, die eure Zielgruppe erkennt und versteht.<\/li>\n\n\n\n<li><strong>Feedback einholen<\/strong>: Fragt echte Menschen aus der Region, wie sie euren Dialekt-Content wahrnehmen. Direktes Feedback ist Gold wert.<\/li>\n<\/ul>\n\n\n\n<h2 class=\"wp-block-heading\" id=\"fazit\">Fazit<\/h2>\n\n\n\n<p><strong>Also, liebe Social-Media-Reisegruppe, ihr merkt schon, dass Dialekte auf Social Media richtig stark sein k\u00f6nnen<\/strong>. F\u00fcr lokales Branding, emotionale Bindung, Differenzierung \u2013 ja, da lohnt sich die Pott- oder Bayern-Note im Werbetext. Aber es ist ein scharfes Schwert: Falsch eingesetzt, wirkt es peinlich, veraltet oder unverst\u00e4ndlich.<\/p>\n\n\n\n<hr class=\"wp-block-separator has-alpha-channel-opacity\"\/>\n  <div class=\"related-post grid\">\r\n        <div class=\"headline\">\u00c4hnliche Beitr\u00e4ge<\/div>\r\n    <div class=\"post-list \">\r\n\r\n            <div class=\"item\">\r\n            <div class=\"thumb post_thumb\">\r\n    <a  title=\"Marketing: Die 80\/20-Content-Regel &#8211; mehr Wert, weniger Spam\" href=\"https:\/\/code78.de\/blog\/marketing-80-20-content-regel\/\">\r\n\r\n      <img decoding=\"async\" width=\"1181\" height=\"761\" src=\"https:\/\/code78.de\/blog\/wp-content\/uploads\/2025\/11\/80-20-Content-Regel.jpg\" class=\"attachment-full size-full wp-post-image\" alt=\"80-20-Content-Regel\" srcset=\"https:\/\/code78.de\/blog\/wp-content\/uploads\/2025\/11\/80-20-Content-Regel.jpg 1181w, https:\/\/code78.de\/blog\/wp-content\/uploads\/2025\/11\/80-20-Content-Regel-300x193.jpg 300w, https:\/\/code78.de\/blog\/wp-content\/uploads\/2025\/11\/80-20-Content-Regel-1024x660.jpg 1024w, https:\/\/code78.de\/blog\/wp-content\/uploads\/2025\/11\/80-20-Content-Regel-768x495.jpg 768w\" sizes=\"(max-width: 1181px) 100vw, 1181px\" \/>\r\n\r\n    <\/a>\r\n  <\/div>\r\n\r\n  <a class=\"title post_title\"  title=\"Marketing: Die 80\/20-Content-Regel &#8211; mehr Wert, weniger Spam\" href=\"https:\/\/code78.de\/blog\/marketing-80-20-content-regel\/\">\r\n        Marketing: Die 80\/20-Content-Regel &#8211; mehr Wert, weniger Spam  <\/a>\r\n\r\n        <\/div>\r\n              <div class=\"item\">\r\n            <div class=\"thumb post_thumb\">\r\n    <a  title=\"LinkedIn wird zum neuen Instagram: Die Dankbarkeits-\u00c4sthetik mit Komik\" href=\"https:\/\/code78.de\/blog\/linkedin-wird-zum-neuen-instagram\/\">\r\n\r\n      <img decoding=\"async\" width=\"1100\" height=\"720\" src=\"https:\/\/code78.de\/blog\/wp-content\/uploads\/2026\/02\/LinkedIn-wird-zum-neuen-Instagram.jpg\" class=\"attachment-full size-full wp-post-image\" alt=\"LinkedIn wird zum neuen Instagram - mehr Selfies, mehr Anz\u00fcge, mehr Buzzwords\" srcset=\"https:\/\/code78.de\/blog\/wp-content\/uploads\/2026\/02\/LinkedIn-wird-zum-neuen-Instagram.jpg 1100w, https:\/\/code78.de\/blog\/wp-content\/uploads\/2026\/02\/LinkedIn-wird-zum-neuen-Instagram-300x196.jpg 300w, https:\/\/code78.de\/blog\/wp-content\/uploads\/2026\/02\/LinkedIn-wird-zum-neuen-Instagram-1024x670.jpg 1024w, https:\/\/code78.de\/blog\/wp-content\/uploads\/2026\/02\/LinkedIn-wird-zum-neuen-Instagram-768x503.jpg 768w\" sizes=\"(max-width: 1100px) 100vw, 1100px\" \/>\r\n\r\n    <\/a>\r\n  <\/div>\r\n\r\n  <a class=\"title post_title\"  title=\"LinkedIn wird zum neuen Instagram: Die Dankbarkeits-\u00c4sthetik mit Komik\" href=\"https:\/\/code78.de\/blog\/linkedin-wird-zum-neuen-instagram\/\">\r\n        LinkedIn wird zum neuen Instagram: Die Dankbarkeits-\u00c4sthetik mit Komik  <\/a>\r\n\r\n        <\/div>\r\n              <div class=\"item\">\r\n            <div class=\"thumb post_thumb\">\r\n    <a  title=\"Performativer Digital Detox \u2013 f\u00fcr alle, die lieber nur so tun als ob\" href=\"https:\/\/code78.de\/blog\/performativer-digital-detox\/\">\r\n\r\n      <img decoding=\"async\" width=\"1100\" height=\"720\" src=\"https:\/\/code78.de\/blog\/wp-content\/uploads\/2025\/11\/Performativer-Digital-Detox.jpg\" class=\"attachment-full size-full wp-post-image\" alt=\"Performativer Digital Detox\" srcset=\"https:\/\/code78.de\/blog\/wp-content\/uploads\/2025\/11\/Performativer-Digital-Detox.jpg 1100w, https:\/\/code78.de\/blog\/wp-content\/uploads\/2025\/11\/Performativer-Digital-Detox-300x196.jpg 300w, https:\/\/code78.de\/blog\/wp-content\/uploads\/2025\/11\/Performativer-Digital-Detox-1024x670.jpg 1024w, https:\/\/code78.de\/blog\/wp-content\/uploads\/2025\/11\/Performativer-Digital-Detox-768x503.jpg 768w, https:\/\/code78.de\/blog\/wp-content\/uploads\/2025\/11\/Performativer-Digital-Detox-720x471.jpg 720w\" sizes=\"(max-width: 1100px) 100vw, 1100px\" \/>\r\n\r\n    <\/a>\r\n  <\/div>\r\n\r\n  <a class=\"title post_title\"  title=\"Performativer Digital Detox \u2013 f\u00fcr alle, die lieber nur so tun als ob\" href=\"https:\/\/code78.de\/blog\/performativer-digital-detox\/\">\r\n        Performativer Digital Detox \u2013 f\u00fcr alle, die lieber nur so tun als ob  <\/a>\r\n\r\n        <\/div>\r\n      \r\n  <\/div>\r\n\r\n  <script>\r\n      <\/script>\r\n  <style>\r\n    .related-post {}\r\n\r\n    .related-post .post-list {\r\n      text-align: left;\r\n          }\r\n\r\n    .related-post .post-list .item {\r\n      margin: 0px 1%;\r\n      padding: 0px;\r\n          }\r\n\r\n    .related-post .headline {\r\n      font-size: 1.1em !important;\r\n      color: #787878 !important;\r\n          }\r\n\r\n    .related-post .post-list .item .post_thumb {\r\n      display: block;\r\n          }\r\n\r\n    .related-post .post-list .item .post_title {\r\n      color: #3f3f3f;\r\n      display: block;\r\n      text-decoration: none;\r\n          }\r\n\r\n    .related-post .post-list .item .post_excerpt {\r\n      font-size: 0.9em;\r\n      color: #3f3f3f;\r\n      display: block;\r\n      text-decoration: none;\r\n          }\r\n\r\n    @media only screen and (min-width: 1024px) {\r\n      .related-post .post-list .item {\r\n        width: 30%;\r\n      }\r\n    }\r\n\r\n    @media only screen and (min-width: 768px) and (max-width: 1023px) {\r\n      .related-post .post-list .item {\r\n        width: 45%;\r\n      }\r\n    }\r\n\r\n    @media only screen and (min-width: 0px) and (max-width: 767px) {\r\n      .related-post .post-list .item {\r\n        width: 45%;\r\n      }\r\n    }\r\n\r\n      <\/style>\r\n    <\/div>\r\n","protected":false},"excerpt":{"rendered":"<p>Dialekt in Social Ads kann Reichweite und N\u00e4he pushen \u2013 oder als Anbiederung backfiren. Wann Mundart Sinn ergibt, welche Risiken (Missverst\u00e4ndnisse, Schreibweise, Exklusion) lauern und wie ihr Dialekt clever testet, dosiert und performancetauglich einsetzt.<\/p>\n","protected":false},"author":1,"featured_media":2888,"comment_status":"open","ping_status":"open","sticky":false,"template":"","format":"standard","meta":{"_acf_changed":false,"footnotes":""},"categories":[67,17,198],"tags":[631,632],"class_list":["post-2885","post","type-post","status-publish","format-standard","has-post-thumbnail","hentry","category-marketing","category-social-media","category-sprache","tag-dialekte-auf-social-media","tag-dialekte-marketing"],"acf":[],"_links":{"self":[{"href":"https:\/\/code78.de\/blog\/wp-json\/wp\/v2\/posts\/2885","targetHints":{"allow":["GET"]}}],"collection":[{"href":"https:\/\/code78.de\/blog\/wp-json\/wp\/v2\/posts"}],"about":[{"href":"https:\/\/code78.de\/blog\/wp-json\/wp\/v2\/types\/post"}],"author":[{"embeddable":true,"href":"https:\/\/code78.de\/blog\/wp-json\/wp\/v2\/users\/1"}],"replies":[{"embeddable":true,"href":"https:\/\/code78.de\/blog\/wp-json\/wp\/v2\/comments?post=2885"}],"version-history":[{"count":0,"href":"https:\/\/code78.de\/blog\/wp-json\/wp\/v2\/posts\/2885\/revisions"}],"wp:featuredmedia":[{"embeddable":true,"href":"https:\/\/code78.de\/blog\/wp-json\/wp\/v2\/media\/2888"}],"wp:attachment":[{"href":"https:\/\/code78.de\/blog\/wp-json\/wp\/v2\/media?parent=2885"}],"wp:term":[{"taxonomy":"category","embeddable":true,"href":"https:\/\/code78.de\/blog\/wp-json\/wp\/v2\/categories?post=2885"},{"taxonomy":"post_tag","embeddable":true,"href":"https:\/\/code78.de\/blog\/wp-json\/wp\/v2\/tags?post=2885"}],"curies":[{"name":"wp","href":"https:\/\/api.w.org\/{rel}","templated":true}]}}