{"id":6313,"date":"2026-03-10T21:30:00","date_gmt":"2026-03-10T20:30:00","guid":{"rendered":"https:\/\/code78.de\/blog\/?p=6313"},"modified":"2026-03-10T08:52:59","modified_gmt":"2026-03-10T07:52:59","slug":"krisenkommunikation-notfallplan-playbook","status":"publish","type":"post","link":"https:\/\/code78.de\/blog\/krisenkommunikation-notfallplan-playbook\/","title":{"rendered":"Krisenkommunikation Notfallplan: Das 90-Minuten-Playbook"},"content":{"rendered":"\n<p>Die Krise schl\u00e4gt ein wie ein Meteorit \u2013 und w\u00e4hrend alle in Panik verfallen, sitzt ihr da mit eurem \u2013 <small>`tschuldigung, aber das muss gesagt werden<\/small> \u2013 lapidaren \u201eWir kl\u00e4ren das intern\u201c-Statement. Der Shitstorm ist l\u00e4ngst entfacht, die Presse ruft im Minutentakt an, und auf Twitter brennt euer Ruf lichterloh.<\/p>\n\n\n\n<p>Ich sage es mal ganz unverbl\u00fcmt: Wenn ihr jetzt gerade in einer Krise steckt und diesen Artikel lest, ist es bereits zu sp\u00e4t. Nicht hoffnungslos zu sp\u00e4t \u2013 aber definitiv verdammt knapp. Krisenkommunikation ist kein Zaubertrick, den man aus dem Hut zaubert, wenn der Laden brennt. Sie ist eine Wissenschaft, eine Kunst und \u2013 wenn wir ehrlich sind \u2013 verdammt harte Arbeit, die vor dem Ernstfall erledigt werden muss.<\/p>\n\n\n\n<p>Die gute Nachricht? Ihr seid hier. Und das bedeutet, ihr habt zumindest begriffen, dass \u201eAugen zu und durch\u201c keine nachhaltige Kommunikationsstrategie ist. In den n\u00e4chsten Minuten bekommt ihr von mir einen knallharten, praxiserprobten 90-Minuten Krisenkommunikation Notfallplan, der euch durch die dunkelsten Stunden eurer Unternehmenskommunikation navigiert. Konkrete Templates? Check. Eskalationsmatrizen, die tats\u00e4chlich funktionieren? Doppel-Check. Rollenverteilung, bei der nicht jeder jeden anschreit? Triple-Check mit Glitzer obendrauf.<\/p>\n\n\n\n<p>Ich pr\u00e4sentiere: Von der psychologischen Logik der ersten 90 Minuten \u00fcber Social Media bis hin zu Post-Mortem-Learnings \u2013 alles einmal auf dem Tablett, damit ihr sp\u00e4ter nicht auf dem Grill landet.<\/p>\n\n\n\n<nav style=\"margin-bottom: 20px;\">\n<h2>Inhaltsverzeichnis<\/h2>\n<ul>\n<li><a href=\"#90-minuten\">Warum 90 Minuten?<\/a><\/li>\n<li><a href=\"#eskalationsmatrix\">Eskalationsmatrix<\/a><\/li>\n<li><a href=\"#rollenverteilung\">Rollenverteilung<\/a><\/li>\n<li><a href=\"#templates\">Template-Arsenal: Textbausteine f\u00fcr eure Kommuniaktion<\/a><\/li>\n<li><a href=\"#social-media-krise\">Social Media im Krisenfall<\/a><\/li>\n<li><a href=\"#nach-der-krise\">Nach der Krise<\/a><\/li>\n<li><a href=\"#fazit\">Fazit<\/a><\/li>\n<\/ul>\n<\/nav>\n\n\n\n<h2 class=\"wp-block-heading\" id=\"90-minuten\">Warum 90 Minuten? <\/h2>\n\n\n\n<p>90 Minuten sind keine willk\u00fcrliche Zahl, die ich mir beim Morgenkaffee ausgedacht habe. Die Wissenschaft dahinter ist ziemlich eindeutig. Nach der <a aria-label=\" (opens in a new tab)\" href=\"https:\/\/amworldgroup.com\/blog\/developing-a-crisis-communication-plan\" target=\"_blank\" rel=\"noreferrer noopener nofollow\" class=\"ek-link\">15-20-60-90-Regel<\/a> m\u00fcsst ihr innerhalb von 15 Minuten die Krise anerkennen, nach 20 Minuten die Situation erfasst haben, nach 60 Minuten mit Stakeholdern kommunizieren und nach 90 Minuten eure Response \u00fcberpr\u00fcfen und anpassen. <\/p>\n\n\n\n<p>Noch ein Beweis, dass die Zeitspanne von 90 Minuten in der Krisenkommunikation nicht aus dem Himmel gegriffen sind: <br>Die ersten 60 bis 90 Minuten einer Krise gelten als \u201e<a href=\"https:\/\/f24.com\/de\/kommunikation-in-der-krise-wenn-die-uhr-schneller-tickt\/\" target=\"_blank\" aria-label=\"goldene Stunde (opens in a new tab)\" rel=\"noreferrer noopener nofollow\" class=\"ek-link\">goldene Stunde<\/a>\u201c, in der Wahrnehmung, Vertrauen und Deutungshoheit entschieden werden. In diesem Zeitraum erwarten Medien und \u00d6ffentlichkeit mindestens eine erste Einordnung, selbst wenn noch nicht alle Fakten vorliegen.<\/p>\n\n\n\n<p>Und last, but not least: 90 Minuten sind auch die magische Grenze, nach der eure Krise entweder unter Kontrolle ist oder sich in ein Monster verwandelt, das ihr die n\u00e4chsten Wochen f\u00fcttert. Warum? Weil das menschliche Gehirn in Stresssituationen \u2013 und ja, eine Krise ist verdammt stressig \u2013 <a aria-label=\"nach etwa 90 Minuten in einen anderen Modus wechselt (opens in a new tab)\" href=\"https:\/\/www.uni-trier.de\/fileadmin\/fb1\/ein\/PLA\/Diplomarbeit_Julia_Fechtner.pdf\" target=\"_blank\" rel=\"noreferrer noopener nofollow\" class=\"ek-link\">nach etwa <\/a><a aria-label=\"nach etwa 90 Minuten in einen anderen Modus wechselt (opens in a new tab)\" href=\"https:\/\/www.uni-trier.de\/fileadmin\/fb1\/ein\/PLA\/Diplomarbeit_Julia_Fechtner.pdf\" target=\"_blank\" rel=\"noreferrer noopener nofollow\" class=\"ek-link\">6<\/a><a aria-label=\"nach etwa 90 Minuten in einen anderen Modus wechselt (opens in a new tab)\" href=\"https:\/\/www.uni-trier.de\/fileadmin\/fb1\/ein\/PLA\/Diplomarbeit_Julia_Fechtner.pdf\" target=\"_blank\" rel=\"noreferrer noopener nofollow\" class=\"ek-link\">0<\/a><a aria-label=\"nach etwa 90 Minuten in einen anderen Modus wechselt (opens in a new tab)\" href=\"https:\/\/www.uni-trier.de\/fileadmin\/fb1\/ein\/PLA\/Diplomarbeit_Julia_Fechtner.pdf\" target=\"_blank\" rel=\"noreferrer noopener nofollow\" class=\"ek-link\">&#8211;<\/a><a aria-label=\"nach etwa 90 Minuten in einen anderen Modus wechselt (opens in a new tab)\" href=\"https:\/\/www.uni-trier.de\/fileadmin\/fb1\/ein\/PLA\/Diplomarbeit_Julia_Fechtner.pdf\" target=\"_blank\" rel=\"noreferrer noopener nofollow\" class=\"ek-link\">90 Minuten in einen anderen Modus wechselt<\/a>. <\/p>\n\n\n\n<p>Die 90 Minuten sind also euer Fenster f\u00fcr: Lagecheck, erste interne Abstimmung, initiales Statement und Aufsetzen eurer kommunikativen Taktung. Danach k\u00e4mpft ihr nicht nur gegen die Krise, sondern auch gegen die eigene ersch\u00f6pfte Kognition \u2013 viel Spa\u00df ohne Plan.<\/p>\n\n\n\n<h2 class=\"wp-block-heading\" id=\"eskalationsmatrix\">Die Eskalationsmatrix: Wann dr\u00fcckt ihr welchen Panikknopf?<\/h2>\n\n\n\n<p>Eine Eskalationsmatrix ist euer Krisen-Kompass: Sie definiert, ab wann ein Vorfall vom \u201eNervt, aber geht\u201c zur echten Krise mit Management-Beteiligung hochgestuft werden muss. Professionelle Leitf\u00e4den empfehlen klar definierte Stufen mit Schwellwerten, Zust\u00e4ndigkeiten und Reaktionszeiten, damit niemand im Chaos erst diskutieren muss, <em>ob<\/em> das jetzt schlimm ist oder nicht.<br>Und wenn ihr euch fragt, ob euer aktueller Plan wirklich krisenfest ist, legt einfach symbolisch die Axt 2000 an: Alles, was nicht glasklar, messbar und in unter 90 Minuten umsetzbar ist, fliegt raus. Keine Feelgood-Punkte, nur \u00dcberlebenspunkte.<\/p>\n\n\n\n<div style=\"border: 1px solid #b4b4b4; padding: 10px; margin: 20px 0; overflow-x: auto;\">\n<table style=\"border-collapse: collapse; width: 100%; font-size: 0.8em;\">\n<thead>\n<tr>\n<th style=\"border: 1px solid #ccc; padding: 5px; background: #f5f5f5;\">Stufe<\/th>\n<th style=\"border: 1px solid #ccc; padding: 5px; background: #f5f5f5;\">Beschreibung<\/th>\n<th style=\"border: 1px solid #ccc; padding: 5px; background: #f5f5f5;\">Typische Trigger<\/th>\n<th style=\"border: 1px solid #ccc; padding: 5px; background: #f5f5f5;\">Re&shy;aktions&shy;zeit<\/th>\n<th style=\"border: 1px solid #ccc; padding: 5px; background: #f5f5f5;\">Verantwort&shy;lich<\/th>\n<\/tr>\n<\/thead>\n<tbody>\n<tr style=\"background: #e9f7ef;\">\n<td style=\"border: 1px solid #ccc; padding: 8px;\"><strong>Level 1 \u2013 Gr\u00fcn<\/strong><\/td>\n<td style=\"border: 1px solid #ccc; padding: 8px;\">Kleine St\u00f6rungen, einzelne Beschwerden, keine Medienanfragen.<\/td>\n<td style=\"border: 1px solid #ccc; padding: 8px;\">Vereinzelte negative Kommentare, 1\u20132 Tickets zu demselben Problem.<\/td>\n<td style=\"border: 1px solid #ccc; padding: 8px;\">2\u20134 Stunden<\/td>\n<td style=\"border: 1px solid #ccc; padding: 8px;\">Customer Service, Social Media<\/td>\n<\/tr>\n<tr style=\"background: #fffde7;\">\n<td style=\"border: 1px solid #ccc; padding: 8px;\"><strong>Level 2 \u2013 Gelb<\/strong><\/td>\n<td style=\"border: 1px solid #ccc; padding: 8px;\">Mehrere Beschwerden, Diskussion in Social Media, erste Medien&shy;kontakte.<\/td>\n<td style=\"border: 1px solid #ccc; padding: 8px;\">Steigende Mention-Zahlen, 3+ Medien&shy;anfragen, negative Threads.<\/td>\n<td style=\"border: 1px solid #ccc; padding: 8px;\">&lt; 60 Minuten<\/td>\n<td style=\"border: 1px solid #ccc; padding: 8px;\">Krisen&shy;kommu&shy;ni&shy;kations&shy;team (Kern)<\/td>\n<\/tr>\n<tr style=\"background: #ffebee;\">\n<td style=\"border: 1px solid #ccc; padding: 8px;\"><strong>Level 3 \u2013 Rot<\/strong><\/td>\n<td style=\"border: 1px solid #ccc; padding: 8px;\">Virale Verbreitung, breite Bericht&shy;erstattung, potenzielle rechtliche Folgen.<\/td>\n<td style=\"border: 1px solid #ccc; padding: 8px;\">Trendende Hashtags, Berichte in Leit&shy;medien, gro\u00dfe Reich&shy;weite.<\/td>\n<td style=\"border: 1px solid #ccc; padding: 8px;\">&lt; 15 Minuten (Erst&shy;reaktion)<\/td>\n<td style=\"border: 1px solid #ccc; padding: 8px;\">Krisenstab + C-Level<\/td>\n<\/tr>\n<tr style=\"background: #f3e5f5;\">\n<td style=\"border: 1px solid #ccc; padding: 8px;\"><strong>Level 4 \u2013 Violett<\/strong><\/td>\n<td style=\"border: 1px solid #ccc; padding: 8px;\">Existenz&shy;bedrohende Krise, nationale\/internationale Aufmerksamkeit.<\/td>\n<td style=\"border: 1px solid #ccc; padding: 8px;\">Politische Dimension, massive rechtliche Risiken, internationale Medien.<\/td>\n<td style=\"border: 1px solid #ccc; padding: 8px;\">Sofort<\/td>\n<td style=\"border: 1px solid #ccc; padding: 8px;\">CEO, Krisenstab, externe Expert*innen<\/td>\n<\/tr>\n<\/tbody>\n<\/table>\n<\/div>\n\n\n\n<p>Solche Eskalationsstufen orientieren sich h\u00e4ufig an Schwellwerten wie Anzahl der Beschwerden, Medienanfragen oder Reichweite eines Themas, die aus Monitoring-Tools und definierten KPIs abgeleitet werden.<br>Wichtig ist, dass ihr die Schwelle f\u00fcr den \u00dcbergang zwischen den Stufen konkret festlegt \u2013 \u201ef\u00fchlt sich schlimm an\u201c ist kein Eskalationskriterium.<\/p>\n\n\n\n<div class=\"wp-block-group has-global-padding is-layout-constrained wp-block-group-is-layout-constrained\">\n<div class=\"wp-block-group has-border-color has-accent-5-border-color has-accent-2-background-color has-background is-layout-flow wp-container-core-group-is-layout-77846902 wp-block-group-is-layout-flow\" style=\"margin-top:2em;margin-bottom:2em;padding-top:1em;padding-right:1em;padding-bottom:1em;padding-left:1em;box-shadow:var(--wp--preset--shadow--deep)\">\n<div class=\"wp-block-group is-vertical is-layout-flex wp-container-core-group-is-layout-fe9cc265 wp-block-group-is-layout-flex\">\n<h2 class=\"wp-block-heading\">Social Media<\/h2>\n<\/div>\n\n\n\n<p>Wenn ihr verstehen wollt, wie sich Algorithmen, Community-Dynamiken und Psychologie zu einem perfekten Shitstorm-Cocktail verbinden, braucht ihr mehr als nur ein Notfallstatement. <br>Auf meiner Social-Media-Themenseite erhaltet ihr den Mechanik hinter Reichweite, Viralit\u00e4t und Krisendruck \u2013 inklusive Praxisbeispielen und Tool-Tipps.<\/p>\n\n\n\n<div class=\"wp-block-buttons is-content-justification-center is-layout-flex wp-container-core-buttons-is-layout-a89b3969 wp-block-buttons-is-layout-flex\">\n<div class=\"wp-block-button\"><a class=\"wp-block-button__link wp-element-button\" href=\"https:\/\/code78.de\/blog\/category\/social-media\/\">Mehr Social Media!<\/a><\/div>\n<\/div>\n<\/div>\n<\/div>\n\n\n\n<h2 class=\"wp-block-heading\" id=\"rollenverteilung\">Rollenverteilung im Ernstfall: Wer macht was?<\/h2>\n\n\n\n<p>Lasst mich raten: In eurer letzten \u201eKrise\u201c (nennen wir sie mal so) haben alle gleichzeitig geredet, niemand wusste, wer eigentlich entscheidet, und am Ende hat der Praktikant ein Statement rausgehauen, das die Situation noch verschlimmert hat? Herzlichen Gl\u00fcckwunsch, ihr seid normal. Aber normal reicht nicht. <\/p>\n\n\n\n<p>Ein gut durchdachter Krisenkommunikation Notfallplan <a aria-label=\" (opens in a new tab)\" href=\"https:\/\/www.meltwater.com\/de\/blog\/krisenkommunikation\" target=\"_blank\" rel=\"noreferrer noopener nofollow\" class=\"ek-link\">definiert nicht nur Prozesse, sondern auch Rollen, Zust\u00e4ndigkeiten und Vertretungen<\/a>, damit im Ernstfall niemand erst \u00fcberlegen muss, wer jetzt eigentlich sprechen darf. Leitf\u00e4den von Beh\u00f6rden und Beratungen betonen, dass klare Verantwortlichkeiten ein zentraler Erfolgsfaktor wirksamer Krisenkommunikation sind.<\/p>\n\n\n\n<div style=\"border: 1px solid #ccc; padding: 12px; margin: 20px 0;\">\n<div style=\"text-align: center; font-weight: bold; margin-bottom: 8px;\">Krisenkommunikationsleiter*in<\/div>\n<div style=\"display: flex; flex-wrap: wrap; justify-content: center; gap: 16px; font-size: 0.9em;\">\n<div style=\"border: 1px solid #ccc; padding: 8px; min-width: 160px;\"><strong>Pressesprecher*in<\/strong><br>Offizielle Stimme nach au\u00dfen.<\/div>\n<div style=\"border: 1px solid #ccc; padding: 8px; min-width: 160px;\"><strong>Social Media Lead<\/strong><br>Monitoring &amp; Community-Response.<\/div>\n<div style=\"border: 1px solid #ccc; padding: 8px; min-width: 160px;\"><strong>Legal<\/strong><br>Rechtliche Pr\u00fcfung, Risikobremse.<\/div>\n<div style=\"border: 1px solid #ccc; padding: 8px; min-width: 160px;\"><strong>Stakeholder-Manager*in<\/strong><br>Investor*innen &amp; Partner.<\/div>\n<div style=\"border: 1px solid #ccc; padding: 8px; min-width: 160px;\"><strong>Internal Comms<\/strong><br>Mitarbeiter*innen informieren.<\/div>\n<div style=\"border: 1px solid #ccc; padding: 8px; min-width: 160px;\"><strong>Monitoring &amp; Analytics<\/strong><br>Daten, Sentiment, Reports.<\/div>\n<\/div>\n<\/div>\n\n\n\n<h3 class=\"wp-block-heading\">Die*Der Krisenkommunikationsleiter*in \/ Crisis Lead<\/h3>\n\n\n\n<ul class=\"wp-block-list\">\n<li><strong>Verantwortung<\/strong>: Gesamtkoordination, finale Entscheidungen \u00fcber alle Kommunikationsma\u00dfnahmen<\/li>\n\n\n\n<li><strong>Qualifikationen<\/strong>: Erfahrung in Krisenkommunikation, Nervenst\u00e4rke, Entscheidungsfreude<\/li>\n\n\n\n<li><strong>Macht<\/strong>: Alles au\u00dfer finanzielle\/rechtliche Grundsatzentscheidungen<\/li>\n\n\n\n<li><strong>Darf NICHT<\/strong>: Ohne R\u00fccksprache mit Legal kommunizieren<\/li>\n<\/ul>\n\n\n\n<p>Diese Person ist eure Gener\u00e4lin im Kriegsraum. Alle F\u00e4den laufen hier zusammen. Im Idealfall jemand mit genug Seniorit\u00e4t, um geh\u00f6rt zu werden, aber nicht so weit oben, dass jede Entscheidung durch drei Hierarchieebenen muss.<br><em>Die*der Krisenkommunikationsleiter*in ist \u00fcbrigens die einzige Person, der ich die Axt 2000 freiwillig in die Hand dr\u00fccke: Diese Rolle muss Entscheidungen treffen k\u00f6nnen, die hart, unpopul\u00e4r und trotzdem richtig sind \u2013 ohne erst ein Stimmungsbild in der Kaffeek\u00fcche einzuholen.<\/em><\/p>\n\n\n\n<h3 class=\"wp-block-heading\">Die\/Der Pressesprecher*in \/ Official Voice<\/h3>\n\n\n\n<ul class=\"wp-block-list\">\n<li><strong>Verantwortung<\/strong>: Einzige(r) offizielle(r) Sprecher*in nach au\u00dfen, Medieninterviews, Pressekonferenzen<\/li>\n\n\n\n<li><strong>Qualifikationen<\/strong>: Medientraining, Kamera-Erfahrung, klare Artikulation<\/li>\n\n\n\n<li><strong>Macht<\/strong>: Spricht im Namen des Unternehmens<\/li>\n\n\n\n<li><strong>Darf NICHT<\/strong>: Von vorbereiteten Statements abweichen ohne Freigabe<\/li>\n<\/ul>\n\n\n\n<p>Ein Gesicht, eine Stimme, eine Botschaft. Alle anderen halten die Klappe. Punkt. Keine \u201eIch sag mal eben was auf LinkedIn\u201c-Alleing\u00e4nge von Marketing-Menschen.<\/p>\n\n\n\n<h3 class=\"wp-block-heading\">\u200bDie*Der Social Media Crisis Manager*in<\/h3>\n\n\n\n<ul class=\"wp-block-list\">\n<li><strong>Verantwortung<\/strong>: Monitoring aller Social-Media-Kan\u00e4le, schnelle Responses, Eskalation von kritischen Mentions<\/li>\n\n\n\n<li><strong>Qualifikationen<\/strong>: Social-Media-Expertise, schnelles Reaktionsverm\u00f6gen, Fingerspitzengef\u00fchl<\/li>\n\n\n\n<li><strong>Macht<\/strong>: Direktantworten nach Template, Community Management<\/li>\n\n\n\n<li><strong>Darf NICHT<\/strong>: Policy-Entscheidungen treffen oder neue Statements verfassen<\/li>\n<\/ul>\n\n\n\n<p>Dieser Mensch lebt w\u00e4hrend der Krise praktisch in TweetDeck, Hootsuite oder eurem Monitoring-Tool der Wahl. Schlafen ist optional. Koffein ist Pflicht.<\/p>\n\n\n\n<h3 class=\"wp-block-heading\">Die*Der Rechtsberater*in \/ Legal Guardian<\/h3>\n\n\n\n<ul class=\"wp-block-list\">\n<li><strong>Verantwortung<\/strong>: Rechtliche Pr\u00fcfung aller Statements, Vermeidung von Haftungsrisiken<\/li>\n\n\n\n<li><strong>Qualifikationen<\/strong>: Juristischer Background, Erfahrung in Kommunikationsrecht<\/li>\n\n\n\n<li><strong>Macht<\/strong>: Veto bei rechtlich problematischen Aussagen<\/li>\n\n\n\n<li><strong>Darf NICHT<\/strong>: Kommunikation komplett blockieren (Balance!)<\/li>\n<\/ul>\n\n\n\n<p>Legal nervt. Legal ist langsam. Legal rettet euren Arsch. H\u00f6rt auf Legal, aber lasst euch nicht l\u00e4hmen. Die Kunst ist, den Sweetspot zwischen \u201erechtlich wasserdicht\u201c und \u201ekommunikativ wirksam\u201c zu finden.<\/p>\n\n\n\n<h3 class=\"wp-block-heading\">Die*Der Stakeholder Manager*in<\/h3>\n\n\n\n<ul class=\"wp-block-list\">\n<li><strong>Verantwortung<\/strong>: Direkte Kommunikation mit Key-Stakeholdern (Investoren, Partner, Gro\u00dfkunden)<\/li>\n\n\n\n<li><strong>Qualifikationen<\/strong>: Beziehungsmanagement, Vertraulichkeit, Empathie<\/li>\n\n\n\n<li><strong>Macht<\/strong>: Personalisierte Kommunikation mit VIPs<\/li>\n\n\n\n<li><strong>Darf NICHT<\/strong>: Von der offiziellen Linie abweichen<\/li>\n<\/ul>\n\n\n\n<p>W\u00e4hrend die \u00d6ffentlichkeit ein Statement bekommt, brauchen eure wichtigsten Stakeholder oft mehr. Ein pers\u00f6nlicher Anruf, ein detailliertes Briefing \u2013 dieser Mensch macht das.<\/p>\n\n\n\n<h3 class=\"wp-block-heading\">Die*Der Internal Communications Lead<\/h3>\n\n\n\n<ul class=\"wp-block-list\">\n<li><strong>Verantwortung<\/strong>: Team informiert halten, interne Moral, Mitarbeiterinnen als Botschafterinnen vorbereiten<\/li>\n\n\n\n<li><strong>Qualifikationen<\/strong>: HR-Background von Vorteil, Empathie, klare Kommunikation<\/li>\n\n\n\n<li><strong>Macht<\/strong>: Interne Kommunikation gestalten<\/li>\n\n\n\n<li><strong>Darf NICHT<\/strong>: Externe Kommunikation \u00fcbernehmen<\/li>\n<\/ul>\n\n\n\n<p>Eure Mitarbeiter*innen sollten immer vor der Presse informiert werden. Immer. Keine Ausnahmen. Dieser Job ist daf\u00fcr verantwortlich.<\/p>\n\n\n\n<h3 class=\"wp-block-heading\">Die*Der Monitoring und Analytics Specialist<\/h3>\n\n\n\n<ul class=\"wp-block-list\">\n<li><strong>Verantwortung<\/strong>: Echtzeit-Tracking aller Mentions, Sentiment-Analyse, Reporting<\/li>\n\n\n\n<li><strong>Qualifikationen<\/strong>: Analytics-Tools-Expertise, Datenaffinit\u00e4t<\/li>\n\n\n\n<li><strong>Macht<\/strong>: Daten liefern, Trends erkennen<\/li>\n\n\n\n<li><strong>Darf NICHT<\/strong>: Kommunikationsentscheidungen treffen<\/li>\n<\/ul>\n\n\n\n<p>Zahlen l\u00fcgen nicht. Dieser Mensch sagt euch, ob eure Strategie funktioniert oder ob ihr nachjustieren m\u00fcsst.<\/p>\n\n\n\n<h3 class=\"wp-block-heading\">Stellvertreterregelung<\/h3>\n\n\n\n<p>F\u00fcr jede dieser Rollen braucht ihr mindestens eine Vertretung. Krisen passieren auch im Urlaub. Murphy&#8217;s Law ist real.<\/p>\n\n\n\n<div class=\"wp-block-group has-border-color has-global-padding is-layout-constrained wp-container-core-group-is-layout-e36da3f7 wp-block-group-is-layout-constrained\" style=\"border-color:#787878;border-width:1px;border-radius:25px;margin-top:1.5em;margin-bottom:0;padding-right:0;padding-left:0\">\n<h4 class=\"wp-block-heading has-text-align-left is-style-default\" style=\"padding-top:var(--wp--preset--spacing--30);padding-right:0;padding-bottom:0;padding-left:var(--wp--preset--spacing--40);font-size:clamp(0.929em, 0.929rem + ((1vw - 0.2em) * 0.739), 1.4em);\">Das k\u00f6nnte euch auch interessieren<\/h4>\n\n\n\n<div class=\"wp-block-columns is-layout-flex wp-container-core-columns-is-layout-e3605ec3 wp-block-columns-is-layout-flex\" style=\"border-style:none;border-width:0px;border-radius:0px;margin-top:0;margin-bottom:0;padding-top:0;padding-right:var(--wp--preset--spacing--30);padding-bottom:var(--wp--preset--spacing--30);padding-left:var(--wp--preset--spacing--30)\">\n<div class=\"wp-block-column is-layout-flow wp-block-column-is-layout-flow\">\n<figure class=\"wp-block-image aligncenter size-full\"><a href=\"https:\/\/code78.de\/blog\/krisenmanagement-kommunikation-in-der-krise\/\"><img decoding=\"async\" width=\"1330\" height=\"870\" src=\"https:\/\/code78.de\/blog\/wp-content\/uploads\/2022\/04\/krisenmanagement.jpg\" alt=\"Krisenmanagement\" class=\"wp-image-1671\" style=\"object-fit:cover\" srcset=\"https:\/\/code78.de\/blog\/wp-content\/uploads\/2022\/04\/krisenmanagement.jpg 1330w, https:\/\/code78.de\/blog\/wp-content\/uploads\/2022\/04\/krisenmanagement-300x196.jpg 300w, https:\/\/code78.de\/blog\/wp-content\/uploads\/2022\/04\/krisenmanagement-1024x670.jpg 1024w, https:\/\/code78.de\/blog\/wp-content\/uploads\/2022\/04\/krisenmanagement-768x502.jpg 768w, https:\/\/code78.de\/blog\/wp-content\/uploads\/2022\/04\/krisenmanagement-665x435.jpg 665w\" sizes=\"(max-width: 1330px) 100vw, 1330px\" \/><\/a><\/figure>\n\n\n\n<p class=\"has-text-align-center\" style=\"font-size:clamp(0.875em, 0.875rem + ((1vw - 0.2em) * 0.196), 1em);\"><a href=\"https:\/\/code78.de\/blog\/aus-nutzersicht-snapchat-vs-instagram-stories\/\" class=\"ek-link\">Krisenmanagement<\/a><\/p>\n<\/div>\n\n\n\n<div class=\"wp-block-column is-layout-flow wp-block-column-is-layout-flow\">\n<figure class=\"wp-block-image aligncenter size-full\"><a href=\"https:\/\/code78.de\/blog\/social-media-krise-krisenkommunikation\/\"><img decoding=\"async\" width=\"1164\" height=\"761\" src=\"https:\/\/code78.de\/blog\/wp-content\/uploads\/2025\/11\/Social-Media-Krisenkommunikation.jpg\" alt=\"Social Media Krise - Krisenkommunikation\" class=\"wp-image-2099\" style=\"object-fit:cover\" srcset=\"https:\/\/code78.de\/blog\/wp-content\/uploads\/2025\/11\/Social-Media-Krisenkommunikation.jpg 1164w, https:\/\/code78.de\/blog\/wp-content\/uploads\/2025\/11\/Social-Media-Krisenkommunikation-300x196.jpg 300w, https:\/\/code78.de\/blog\/wp-content\/uploads\/2025\/11\/Social-Media-Krisenkommunikation-1024x669.jpg 1024w, https:\/\/code78.de\/blog\/wp-content\/uploads\/2025\/11\/Social-Media-Krisenkommunikation-768x502.jpg 768w, https:\/\/code78.de\/blog\/wp-content\/uploads\/2025\/11\/Social-Media-Krisenkommunikation-720x471.jpg 720w\" sizes=\"(max-width: 1164px) 100vw, 1164px\" \/><\/a><\/figure>\n\n\n\n<p class=\"has-text-align-center\" style=\"font-size:clamp(0.875em, 0.875rem + ((1vw - 0.2em) * 0.196), 1em);\"><a href=\"https:\/\/code78.de\/blog\/smartphone-bilder-social-media\/\" class=\"ek-link\">Wie Krisen richtig eskalieren<\/a><\/p>\n<\/div>\n<\/div>\n<\/div>\n\n\n\n<h2 class=\"wp-block-heading\" id=\"templates\">Template-Arsenal: Vorlagen f\u00fcr den D-Day<\/h2>\n\n\n\n<p>Professionelle Krisenkonzepte empfehlen vorformulierte Botschaftsbausteine und Text-Templates f\u00fcr verschiedene Szenarien, um in der Akutphase Zeit zu sparen und Fehler zu vermeiden. Diese Vorlagen decken typischerweise erste Stellungnahmen, Updates, Entschuldigungen, Social-Media-Snippets und interne Mails ab und werden im Vorfeld juristisch und fachlich abgestimmt.<\/p>\n\n\n\n<div class=\"wp-block-group has-background has-global-padding is-layout-constrained wp-block-group-is-layout-constrained\" style=\"background-color:#b4b4b4cc\">\n<p style=\"padding-top:1em;padding-right:1em;padding-bottom:1em;padding-left:1em;font-size:clamp(0.875em, 0.875rem + ((1vw - 0.2em) * 0.039), 0.9em);\"><strong>Falls ihr euch auf Krisen vorbereitet<\/strong>: Vorher von Legal abchecken lassen. Ich bin keine Anw\u00e4ltin und darf keine Rechtsberatung geben. Versteht das daher als Tipps \u2013 aber sichert euch rechtlich ab!<br><strong>Falls ihr JETZT gerade in einer Krise seid<\/strong>: Klingelt direkt in der Rechsabteilung durch und holt euch auf kurzem Weg SOFORT die Freigabe!<\/p>\n<\/div>\n\n\n\n<h3 class=\"wp-block-heading\">Template: Erste Reaktion<\/h3>\n\n\n\n<div class=\"wp-block-group has-global-padding is-layout-constrained wp-block-group-is-layout-constrained\">\n<pre class=\"wp-block-preformatted\" style=\"border-width:1px;padding-top:1em;padding-right:1em;padding-bottom:1em;padding-left:1em;font-size:clamp(0.875em, 0.875rem + ((1vw - 0.2em) * 0.196), 1em);\">[Unternehmensname] ist sich der aktuellen Situation bez\u00fcglich [kurze Problembeschreibung] bewusst. <br>Wir nehmen diese Angelegenheit sehr ernst und arbeiten mit Hochdruck an einer Kl\u00e4rung.<br><br>Wir verstehen die Bedenken [der Betroffenen\/unserer Kund*innen\/der \u00d6ffentlichkeit] und werden [in den n\u00e4chsten X Stunden] ein detailliertes Update zur Verf\u00fcgung stellen.<br><br>F\u00fcr dringende Anfragen steht unsere Hotline unter [Nummer] zur Verf\u00fcgung.<br><br>[Datum, Uhrzeit]<br><\/pre>\n<\/div>\n\n\n\n<p>Wenn eure aktuelle Krisen-Pressemitteilung l\u00e4nger ist als dieses Template und f\u00fcnfmal das Wort \u2018bedauern\u2019 enth\u00e4lt, kommt die Axt 2000 zum Einsatz: Streichen, k\u00fcrzen, Klartext. Eure Zielgruppe hat keine Zeit f\u00fcr Textakrobatik.<\/p>\n\n\n\n<h3 class=\"wp-block-heading\">Template: Update-Statement<\/h3>\n\n\n\n<div class=\"wp-block-group has-global-padding is-layout-constrained wp-block-group-is-layout-constrained\">\n<pre class=\"wp-block-preformatted\" style=\"border-width:1px;padding-top:1em;padding-right:1em;padding-bottom:1em;padding-left:1em;font-size:clamp(0.875em, 0.875rem + ((1vw - 0.2em) * 0.196), 1em);\">Update [Datum, Uhrzeit]:\n\nAktuelle Situation:\n[Konkrete Fakten]\n\nBetroffene:\n[Wer ist betroffen, Umfang]\n\nUnsere Ma\u00dfnahmen:\n- [Sofortma\u00dfnahme]\n- [Weitere Schritte]\n\nN\u00e4chste Schritte:\n[Was passiert als N\u00e4chstes, wann folgt weiteres Update]\n\nAnsprechpartner*in:\n[Name, Kontakt]<\/pre>\n<\/div>\n\n\n\n<h3 class=\"wp-block-heading\">Template: Entschuldigung<\/h3>\n\n\n\n<div class=\"wp-block-group has-global-padding is-layout-constrained wp-block-group-is-layout-constrained\">\n<pre class=\"wp-block-preformatted\" style=\"border-width:1px;padding-top:1em;padding-right:1em;padding-bottom:1em;padding-left:1em;font-size:clamp(0.875em, 0.875rem + ((1vw - 0.2em) * 0.196), 1em);\">Wir \u00fcbernehmen die Verantwortung f\u00fcr [konkretes Problem].\n\nWas passiert ist:\n[Kurze, verst\u00e4ndliche Darstellung]\n\nWarum es passiert ist:\n[Ursache, soweit bekannt]\n\nWas wir tun:\n- Sofortma\u00dfnahme: [konkret]\n- Mittelfristig: [konkret]\n- Langfristig: [konkret]\n\nAn [Betroffene]:\nWir entschuldigen uns aufrichtig f\u00fcr [Auswirkung] und werden [Form der Wiedergutmachung].\n\n[Name, Position]<\/pre>\n<\/div>\n\n\n\n<h3 class=\"wp-block-heading\">Template: Social Media Quick Response<\/h3>\n\n\n\n<div class=\"wp-block-group has-global-padding is-layout-constrained wp-block-group-is-layout-constrained\">\n<pre class=\"wp-block-preformatted\" style=\"border-width:1px;padding-top:1em;padding-right:1em;padding-bottom:1em;padding-left:1em;font-size:clamp(0.875em, 0.875rem + ((1vw - 0.2em) * 0.196), 1em);\">Wir sind uns dessen bewusst und arbeiten daran. <br>Ein ausf\u00fchrliches Update findet ihr hier: [Link zum Statement]. Danke f\u00fcr eure Geduld.<\/pre>\n<\/div>\n\n\n\n<h3 class=\"wp-block-heading\">Template: Interne Info<\/h3>\n\n\n\n<div class=\"wp-block-group has-global-padding is-layout-constrained wp-block-group-is-layout-constrained\">\n<pre class=\"wp-block-preformatted\" style=\"border-width:1px;padding-top:1em;padding-right:1em;padding-bottom:1em;padding-left:1em;font-size:clamp(0.875em, 0.875rem + ((1vw - 0.2em) * 0.196), 1em);\">Betreff: Wichtig: Aktuelle Situation [Thema]\n\nLiebe Kolleg*innen,\n\nihr habt m\u00f6glicherweise von [Situation] geh\u00f6rt. Wir m\u00f6chten euch vor der \u00d6ffentlichkeit informieren.\n\nFakten:\n- [Fakt 1]\n- [Fakt 2]\n\nUnsere Position:\n[Offizielle Linie]\n\nBitte:\n[Verhaltensanweisung, z.B. keine eigenen Statements in Social Media]\n\nBei Fragen:\n[Ansprechpartner*in]\n\nUpdates folgen bis [Zeitpunkt].\n\n[Gesch\u00e4ftsf\u00fchrung\/Crisis Lead]<\/pre>\n<\/div>\n\n\n\n<p>Solche Textbausteine harmonieren mit Empfehlungen aus Best-Practice-Guides, die auf Klarheit, Transparenz, Verantwortung und regelm\u00e4\u00dfige Updates setzen, statt auf ausweichende PR-Floskeln. Gleichzeitig erleichtern sie Freigabeprozesse, weil sie im Vorfeld mit Rechts- und Fachabteilungen abgestimmt werden k\u00f6nnen.<\/p>\n\n\n\n<h2 class=\"wp-block-heading\" id=\"social-media-krise\">Social Media im Krisenfall: Zwischen Transparenz und Totalschaden<\/h2>\n\n\n\n<p>Social Media hat die Kommunikation auch in der Krise radikal beschleunigt: Themen k\u00f6nnen binnen Minuten viral gehen, w\u00e4hrend klassische Medien fr\u00fcher erst Stunden sp\u00e4ter reagierten. Schnelles, konsistentes und plattformgerechtes Handeln ist entscheidend, um Deutungshoheit und Vertrauen nicht komplett zu verlieren.<\/p>\n\n\n\n<div style=\"border: 1px solid #ccc; padding: 12px; margin: 20px 0;\">\n<div style=\"font-weight: bold; margin-bottom: 8px;\">Timeline der ersten 90 Minuten<\/div>\n<div style=\"font-size: 0.9em;\">\n<div><strong>0\u201315 Min:<\/strong> Problem erkennen, intern alarmieren, erstes Mini-Statement vorbereiten.<\/div>\n<div><strong>15\u201330 Min:<\/strong> Lagecheck, Fakten sammeln, Kernteam aktivieren.<\/div>\n<div><strong>30\u201360 Min:<\/strong> Offizielles Erststatement auf Website &amp; Social Media, interne Info.<\/div>\n<div><strong>60\u201390 Min:<\/strong> Monitoring, Fragen b\u00fcndeln, Update planen und Taktung festlegen.<\/div>\n<\/div>\n<\/div>\n\n\n\n<p>Empfohlen werden Echtzeit-Monitoring, klare Response-Policies und vorbereitete Antwortpfade, um zwischen legitimer Kritik und Trollen unterscheiden und Ressourcen sinnvoll einsetzen zu k\u00f6nnen. Transparenz ist dabei zentral, aber sie muss mit juristischen Rahmenbedingungen, Datenschutz und unternehmensstrategischen \u00dcberlegungen in Einklang gebracht werden.<\/p>\n\n\n\n<h2 class=\"wp-block-heading\" id=\"nach-der-krise\">Nach der Krise ist vor der Krise<\/h2>\n\n\n\n<p>Professionelle Krisenkommunikation endet nicht mit dem letzten Statement, sondern schlie\u00dft systematische Auswertung und Lernen ein. Leitf\u00e4den empfehlen strukturierte Debriefings, in denen Abl\u00e4ufe, Reaktionszeiten, Botschaften und interne Zusammenarbeit analysiert und dokumentiert werden.<\/p>\n\n\n\n<p>Darauf aufbauend werden Pl\u00e4ne aktualisiert, Templates nachgesch\u00e4rft, Zust\u00e4ndigkeiten angepasst und Trainings abgeleitet, etwa Krisensimulationen oder Medientrainings f\u00fcr Sprecher*innen. So wird das Crisis Communication Playbook zu einem lebendigen Dokument, das sich mit neuen Risiken, Kan\u00e4len und Rahmenbedingungen weiterentwickelt \u2013 statt als PDF-Leiche auf dem Server zu vergammeln.<\/p>\n\n\n\n<h2 class=\"wp-block-heading\" id=\"fazit\">Fazit: Krisenkommunikation Notfallplan &#8211; am besten vorher schon erstellen<\/h2>\n\n\n\n<p>Ein 90-Minuten-Playbook f\u00fcr kombiniert psychologisch sinnvolle Zeitfenster mit klaren Eskalationsstufen, definierten Rollen und vorbereiteten Textbausteinen. Wer diese Elemente im Vorfeld sauber aufsetzt, Monitoring ernst nimmt und regelm\u00e4\u00dfig testet, reduziert das Risiko, im Ernstfall kopflos zu reagieren und langfristige Reputationssch\u00e4den zu provozieren.<br><\/p>\n\n\n\n<hr class=\"wp-block-separator has-alpha-channel-opacity\"\/>\n  <div class=\"related-post grid\">\r\n        <div class=\"headline\">\u00c4hnliche Beitr\u00e4ge<\/div>\r\n    <div class=\"post-list \">\r\n\r\n            <div class=\"item\">\r\n            <div class=\"thumb post_thumb\">\r\n    <a  title=\"LinkedIn 360Brew: Was hinter dem neuen Algorithmus steckt\" href=\"https:\/\/code78.de\/blog\/linkedin-360brew\/\">\r\n\r\n      <img decoding=\"async\" width=\"1100\" height=\"720\" src=\"https:\/\/code78.de\/blog\/wp-content\/uploads\/2026\/03\/LinkedIn-360Brew.jpg\" class=\"attachment-full size-full wp-post-image\" alt=\"LinkedIn 360Brew\" srcset=\"https:\/\/code78.de\/blog\/wp-content\/uploads\/2026\/03\/LinkedIn-360Brew.jpg 1100w, https:\/\/code78.de\/blog\/wp-content\/uploads\/2026\/03\/LinkedIn-360Brew-300x196.jpg 300w, https:\/\/code78.de\/blog\/wp-content\/uploads\/2026\/03\/LinkedIn-360Brew-1024x670.jpg 1024w, https:\/\/code78.de\/blog\/wp-content\/uploads\/2026\/03\/LinkedIn-360Brew-768x503.jpg 768w\" sizes=\"(max-width: 1100px) 100vw, 1100px\" \/>\r\n\r\n    <\/a>\r\n  <\/div>\r\n\r\n  <a class=\"title post_title\"  title=\"LinkedIn 360Brew: Was hinter dem neuen Algorithmus steckt\" href=\"https:\/\/code78.de\/blog\/linkedin-360brew\/\">\r\n        LinkedIn 360Brew: Was hinter dem neuen Algorithmus steckt  <\/a>\r\n\r\n        <\/div>\r\n              <div class=\"item\">\r\n            <div class=\"thumb post_thumb\">\r\n    <a  title=\"Content-Plattform Vergleich: Medium, LinkedIn oder eigener Blog?\" href=\"https:\/\/code78.de\/blog\/content-plattform-vergleich-medium-linkedin-blog\/\">\r\n\r\n      <img decoding=\"async\" width=\"1100\" height=\"720\" src=\"https:\/\/code78.de\/blog\/wp-content\/uploads\/2026\/01\/Content-Plattformen-Vergleich.jpg\" class=\"attachment-full size-full wp-post-image\" alt=\"Content-Plattform Vergleich : Medium, LinkedIn oder Blog?\" srcset=\"https:\/\/code78.de\/blog\/wp-content\/uploads\/2026\/01\/Content-Plattformen-Vergleich.jpg 1100w, https:\/\/code78.de\/blog\/wp-content\/uploads\/2026\/01\/Content-Plattformen-Vergleich-300x196.jpg 300w, https:\/\/code78.de\/blog\/wp-content\/uploads\/2026\/01\/Content-Plattformen-Vergleich-1024x670.jpg 1024w, https:\/\/code78.de\/blog\/wp-content\/uploads\/2026\/01\/Content-Plattformen-Vergleich-768x503.jpg 768w\" sizes=\"(max-width: 1100px) 100vw, 1100px\" \/>\r\n\r\n    <\/a>\r\n  <\/div>\r\n\r\n  <a class=\"title post_title\"  title=\"Content-Plattform Vergleich: Medium, LinkedIn oder eigener Blog?\" href=\"https:\/\/code78.de\/blog\/content-plattform-vergleich-medium-linkedin-blog\/\">\r\n        Content-Plattform Vergleich: Medium, LinkedIn oder eigener Blog?  <\/a>\r\n\r\n        <\/div>\r\n              <div class=\"item\">\r\n            <div class=\"thumb post_thumb\">\r\n    <a  title=\"LinkedIn Impressions: Nur sichtbar oder schon relevant?\" href=\"https:\/\/code78.de\/blog\/linkedin-impressions\/\">\r\n\r\n      <img decoding=\"async\" width=\"1181\" height=\"761\" src=\"https:\/\/code78.de\/blog\/wp-content\/uploads\/2025\/11\/LinkedIn-Impressions-Header.jpg\" class=\"attachment-full size-full wp-post-image\" alt=\"LinkedIn Impressions\" srcset=\"https:\/\/code78.de\/blog\/wp-content\/uploads\/2025\/11\/LinkedIn-Impressions-Header.jpg 1181w, https:\/\/code78.de\/blog\/wp-content\/uploads\/2025\/11\/LinkedIn-Impressions-Header-300x193.jpg 300w, https:\/\/code78.de\/blog\/wp-content\/uploads\/2025\/11\/LinkedIn-Impressions-Header-1024x660.jpg 1024w, https:\/\/code78.de\/blog\/wp-content\/uploads\/2025\/11\/LinkedIn-Impressions-Header-768x495.jpg 768w\" sizes=\"(max-width: 1181px) 100vw, 1181px\" \/>\r\n\r\n    <\/a>\r\n  <\/div>\r\n\r\n  <a class=\"title post_title\"  title=\"LinkedIn Impressions: Nur sichtbar oder schon relevant?\" href=\"https:\/\/code78.de\/blog\/linkedin-impressions\/\">\r\n        LinkedIn Impressions: Nur sichtbar oder schon relevant?  <\/a>\r\n\r\n        <\/div>\r\n      \r\n  <\/div>\r\n\r\n  <script>\r\n      <\/script>\r\n  <style>\r\n    .related-post {}\r\n\r\n    .related-post .post-list {\r\n      text-align: left;\r\n          }\r\n\r\n    .related-post .post-list .item {\r\n      margin: 0px 1%;\r\n      padding: 0px;\r\n          }\r\n\r\n    .related-post .headline {\r\n      font-size: 1.1em !important;\r\n      color: #787878 !important;\r\n          }\r\n\r\n    .related-post .post-list .item .post_thumb {\r\n      display: block;\r\n          }\r\n\r\n    .related-post .post-list .item .post_title {\r\n      color: #3f3f3f;\r\n      display: block;\r\n      text-decoration: none;\r\n          }\r\n\r\n    .related-post .post-list .item .post_excerpt {\r\n      font-size: 0.9em;\r\n      color: #3f3f3f;\r\n      display: block;\r\n      text-decoration: none;\r\n          }\r\n\r\n    @media only screen and (min-width: 1024px) {\r\n      .related-post .post-list .item {\r\n        width: 30%;\r\n      }\r\n    }\r\n\r\n    @media only screen and (min-width: 768px) and (max-width: 1023px) {\r\n      .related-post .post-list .item {\r\n        width: 45%;\r\n      }\r\n    }\r\n\r\n    @media only screen and (min-width: 0px) and (max-width: 767px) {\r\n      .related-post .post-list .item {\r\n        width: 45%;\r\n      }\r\n    }\r\n\r\n      <\/style>\r\n    <\/div>\r\n","protected":false},"excerpt":{"rendered":"<p>Wenn die Krise zuschl\u00e4gt, habt ihr keine Zeit f\u00fcr lange Strategiemeetings. Mit diesem 90-Minuten-Notfallplan bekommt ihr konkrete Templates, durchdachte Eskalationsmatrizen und glasklare Rollenverteilungen \u2013 damit ihr im Ernstfall nicht rumstammelt, sondern souver\u00e4n kommuniziert.<\/p>\n","protected":false},"author":1,"featured_media":13137,"comment_status":"open","ping_status":"open","sticky":false,"template":"","format":"standard","meta":{"_acf_changed":false,"footnotes":""},"categories":[100,17],"tags":[332,112,331,128,49],"class_list":["post-6313","post","type-post","status-publish","format-standard","has-post-thumbnail","hentry","category-kommunikation","category-social-media","tag-eskalationsmatrix-krise","tag-krisenkommunikation","tag-krisenkommunikation-notfallplan","tag-krisenmanagement","tag-social-media"],"acf":[],"_links":{"self":[{"href":"https:\/\/code78.de\/blog\/wp-json\/wp\/v2\/posts\/6313","targetHints":{"allow":["GET"]}}],"collection":[{"href":"https:\/\/code78.de\/blog\/wp-json\/wp\/v2\/posts"}],"about":[{"href":"https:\/\/code78.de\/blog\/wp-json\/wp\/v2\/types\/post"}],"author":[{"embeddable":true,"href":"https:\/\/code78.de\/blog\/wp-json\/wp\/v2\/users\/1"}],"replies":[{"embeddable":true,"href":"https:\/\/code78.de\/blog\/wp-json\/wp\/v2\/comments?post=6313"}],"version-history":[{"count":0,"href":"https:\/\/code78.de\/blog\/wp-json\/wp\/v2\/posts\/6313\/revisions"}],"wp:featuredmedia":[{"embeddable":true,"href":"https:\/\/code78.de\/blog\/wp-json\/wp\/v2\/media\/13137"}],"wp:attachment":[{"href":"https:\/\/code78.de\/blog\/wp-json\/wp\/v2\/media?parent=6313"}],"wp:term":[{"taxonomy":"category","embeddable":true,"href":"https:\/\/code78.de\/blog\/wp-json\/wp\/v2\/categories?post=6313"},{"taxonomy":"post_tag","embeddable":true,"href":"https:\/\/code78.de\/blog\/wp-json\/wp\/v2\/tags?post=6313"}],"curies":[{"name":"wp","href":"https:\/\/api.w.org\/{rel}","templated":true}]}}